{"id":25013,"date":"2025-10-06T10:12:37","date_gmt":"2025-10-06T18:12:37","guid":{"rendered":"https:\/\/www.rupertport.com\/lappr-annonce-la-retraite-de-president-et-directeur-general-shaun-stevenson\/"},"modified":"2025-10-06T13:20:13","modified_gmt":"2025-10-06T21:20:13","slug":"lappr-annonce-la-retraite-de-president-et-directeur-general-shaun-stevenson","status":"publish","type":"post","link":"https:\/\/www.rupertport.com\/fr\/lappr-annonce-la-retraite-de-president-et-directeur-general-shaun-stevenson\/","title":{"rendered":"L\u2019APPR ANNONCE LA RETRAITE DE PR\u00c9SIDENT ET DIRECTEUR G\u00c9N\u00c9RAL SHAUN STEVENSON"},"content":{"rendered":"\n<p>EN VIGUEUR LE 6 OCTOBRE, 2025<\/p>\n\n<p>PRINCE RUPERT, COLOMBIE-BRITANNIQUE \u2013 L\u2019Administration portuaire de Prince Rupert a annonc\u00e9 aujourd\u2019hui la retraite de Shaun Stevenson, Pr\u00e9sident et Directeur G\u00e9n\u00e9ral, \u00e0 compter du 31 d\u00e9cembre, 2025. Shaun Stevenson a dirig\u00e9 l\u2019APPR afin que Pr\u00e9sident et Directeur G\u00e9n\u00e9ral depuis 2018, et il a \u00e9t\u00e9 un contributeur essentiel au succ\u00e8s de l\u2019organisme depuis 1997. <\/p>\n\n<p>\u00ab Ce fut un honneur de diriger l\u2019Administration portuaire de Prince Rupert et de travailler avec une \u00e9quipe si talentueuse, \u00bb a d\u00e9clar\u00e9 Shaun Stevenson. \u00ab Je suis fier de ce que nous avons accompli ensemble avec nos partenaires, y compris plus de $3 milliards de d\u00e9veloppement transformateur en cours \u00e0 la porte d\u2019entr\u00e9e. Je suis convaincu que l\u2019organisme est bien positionn\u00e9 \u00e0 continuer le travail de d\u00e9velopper mieux l\u2019accroissement du commerce. \u00bb <\/p>\n\n<p>L\u2019accent mis par Shaun \u00e0 propos de l\u2019accroissement de la porte d\u2019entr\u00e9e, \u00e0 travers le d\u00e9veloppement, la diversification et l\u2019am\u00e9lioration d\u2019un grand nombre de projets d\u2019entreprises et d\u2019installations ont jou\u00e9 des r\u00f4les d\u00e9terminants dans la position du port de Prince Rupert afin que troisi\u00e8me plus grand port du Canada, en ancrant plus de $60 milliards de commerce, en g\u00e9n\u00e9rant $1.4 milliards d\u2019activit\u00e9 \u00e9conomique annuellement \u00e0 travers du nord de la Colombie-Britannique, tandis que soutenant 7,500 emplois dans l\u2019industrie de la porte d\u2019entr\u00e9e.<\/p>\n\n<p>\u00ab Sous la direction de Shaun, nous avons ressenti de l\u2019accroissement sans pr\u00e9c\u00e9dent et de diversification au port de Prince Rupert, \u00bb a dit Peter Lantin, Pr\u00e9sident du Conseil de l\u2019Administration portuaire de Prince Rupert. \u00ab Le Conseil d\u2019administration exprime notre profonde gratitude \u00e0 Shaun pour son d\u00e9vouement et ses contributions \u00e0 l\u2019organisme. \u00bb <\/p>\n\n<p>Le Conseil d\u2019administration commencera une recherche approfondie pour la nouvelle pr\u00e9sidence et direction g\u00e9n\u00e9rale, et s\u2019est engag\u00e9 en veillant une transition lisse.<\/p>\n\n<figure class=\"wp-block-image size-large\"><img loading=\"lazy\" decoding=\"async\" width=\"1024\" height=\"731\" src=\"https:\/\/www.rupertport.com\/wp-content\/uploads\/2025\/10\/20240901-prpa-portrait-SHAUN-STEVENSON-1500x2100-popr286-lgoldstein-post-2-1024x731.jpg\" alt=\"Shaun Stevenson\" class=\"wp-image-25004\" srcset=\"https:\/\/www.rupertport.com\/wp-content\/uploads\/2025\/10\/20240901-prpa-portrait-SHAUN-STEVENSON-1500x2100-popr286-lgoldstein-post-2-1024x731.jpg 1024w, https:\/\/www.rupertport.com\/wp-content\/uploads\/2025\/10\/20240901-prpa-portrait-SHAUN-STEVENSON-1500x2100-popr286-lgoldstein-post-2-300x214.jpg 300w, https:\/\/www.rupertport.com\/wp-content\/uploads\/2025\/10\/20240901-prpa-portrait-SHAUN-STEVENSON-1500x2100-popr286-lgoldstein-post-2-768x548.jpg 768w, https:\/\/www.rupertport.com\/wp-content\/uploads\/2025\/10\/20240901-prpa-portrait-SHAUN-STEVENSON-1500x2100-popr286-lgoldstein-post-2-350x250.jpg 350w, https:\/\/www.rupertport.com\/wp-content\/uploads\/2025\/10\/20240901-prpa-portrait-SHAUN-STEVENSON-1500x2100-popr286-lgoldstein-post-2.jpg 1504w\" sizes=\"auto, (max-width: 1024px) 100vw, 1024px\" \/><\/figure>\n","protected":false},"excerpt":{"rendered":"<p>EN VIGUEUR LE 6 OCTOBRE, 2025 PRINCE RUPERT, COLOMBIE-BRITANNIQUE \u2013 L\u2019Administration portuaire de Prince Rupert a annonc\u00e9 aujourd\u2019hui la retraite de Shaun Stevenson, Pr\u00e9sident et Directeur G\u00e9n\u00e9ral, \u00e0 compter du 31 d\u00e9cembre, 2025. Shaun Stevenson a dirig\u00e9 l\u2019APPR afin que Pr\u00e9sident et Directeur G\u00e9n\u00e9ral depuis 2018, et il a \u00e9t\u00e9 un contributeur essentiel au succ\u00e8s [&hellip;]<\/p>\n","protected":false},"author":26,"featured_media":10416,"comment_status":"closed","ping_status":"open","sticky":false,"template":"","format":"standard","meta":{"_acf_changed":false,"footnotes":""},"categories":[51],"tags":[156,155,153,86,154],"class_list":["post-25013","post","type-post","status-publish","format-standard","has-post-thumbnail","hentry","category-nouvelles","tag-ladministration-portuaire-de-prince-rupert","tag-port-de-prince-rupert","tag-president","tag-prpa","tag-retraite"],"acf":[],"yoast_head":"<!-- This site is optimized with the Yoast SEO plugin v27.4 - https:\/\/yoast.com\/product\/yoast-seo-wordpress\/ -->\n<title>L\u2019APPR ANNONCE LA RETRAITE DE PR\u00c9SIDENT ET DIRECTEUR G\u00c9N\u00c9RAL SHAUN STEVENSON | Autorit\u00e9 portuaire de Prince Rupert<\/title>\n<meta name=\"description\" content=\"EN VIGUEUR LE 6 OCTOBRE, 2025 PRINCE RUPERT, COLOMBIE-BRITANNIQUE \u2013 L\u2019Administration portuaire de Prince Rupert a annonc\u00e9 aujourd\u2019hui la retraite de Shaun\" \/>\n<meta name=\"robots\" content=\"index, follow, max-snippet:-1, max-image-preview:large, max-video-preview:-1\" \/>\n<link rel=\"canonical\" href=\"https:\/\/www.rupertport.com\/fr\/lappr-annonce-la-retraite-de-president-et-directeur-general-shaun-stevenson\/\" \/>\n<meta property=\"og:locale\" content=\"fr_FR\" \/>\n<meta property=\"og:type\" content=\"article\" \/>\n<meta property=\"og:title\" content=\"L\u2019APPR ANNONCE LA RETRAITE DE PR\u00c9SIDENT ET DIRECTEUR G\u00c9N\u00c9RAL SHAUN STEVENSON | Autorit\u00e9 portuaire de Prince Rupert\" \/>\n<meta property=\"og:description\" content=\"EN VIGUEUR LE 6 OCTOBRE, 2025 PRINCE RUPERT, COLOMBIE-BRITANNIQUE \u2013 L\u2019Administration portuaire de Prince Rupert a annonc\u00e9 aujourd\u2019hui la retraite de Shaun\" \/>\n<meta property=\"og:url\" content=\"https:\/\/www.rupertport.com\/fr\/lappr-annonce-la-retraite-de-president-et-directeur-general-shaun-stevenson\/\" \/>\n<meta property=\"og:site_name\" content=\"Autorit\u00e9 portuaire de Prince Rupert\" \/>\n<meta property=\"article:publisher\" content=\"https:\/\/www.facebook.com\/rupertport\/\" \/>\n<meta property=\"article:published_time\" content=\"2025-10-06T18:12:37+00:00\" \/>\n<meta property=\"article:modified_time\" content=\"2025-10-06T21:20:13+00:00\" \/>\n<meta property=\"og:image\" content=\"https:\/\/www.rupertport.com\/wp-content\/uploads\/2019\/11\/fairview-expansion-body.jpg\" \/>\n\t<meta property=\"og:image:width\" content=\"1589\" \/>\n\t<meta property=\"og:image:height\" content=\"894\" \/>\n\t<meta property=\"og:image:type\" content=\"image\/jpeg\" \/>\n<meta name=\"author\" content=\"James Cain\" \/>\n<meta name=\"twitter:card\" content=\"summary_large_image\" \/>\n<meta name=\"twitter:creator\" content=\"@rupertport\" \/>\n<meta name=\"twitter:site\" content=\"@rupertport\" \/>\n<script type=\"application\/ld+json\" class=\"yoast-schema-graph\">{\"@context\":\"https:\\\/\\\/schema.org\",\"@graph\":[{\"@type\":\"Article\",\"@id\":\"https:\\\/\\\/www.rupertport.com\\\/fr\\\/lappr-annonce-la-retraite-de-president-et-directeur-general-shaun-stevenson\\\/#article\",\"isPartOf\":{\"@id\":\"https:\\\/\\\/www.rupertport.com\\\/fr\\\/lappr-annonce-la-retraite-de-president-et-directeur-general-shaun-stevenson\\\/\"},\"author\":{\"name\":\"James Cain\",\"@id\":\"https:\\\/\\\/www.rupertport.com\\\/fr\\\/#\\\/schema\\\/person\\\/c708078e9d871278dd5bcf423a65797e\"},\"headline\":\"L\u2019APPR ANNONCE LA RETRAITE DE PR\u00c9SIDENT ET DIRECTEUR G\u00c9N\u00c9RAL SHAUN STEVENSON\",\"datePublished\":\"2025-10-06T18:12:37+00:00\",\"dateModified\":\"2025-10-06T21:20:13+00:00\",\"mainEntityOfPage\":{\"@id\":\"https:\\\/\\\/www.rupertport.com\\\/fr\\\/lappr-annonce-la-retraite-de-president-et-directeur-general-shaun-stevenson\\\/\"},\"wordCount\":330,\"publisher\":{\"@id\":\"https:\\\/\\\/www.rupertport.com\\\/fr\\\/#organization\"},\"image\":{\"@id\":\"https:\\\/\\\/www.rupertport.com\\\/fr\\\/lappr-annonce-la-retraite-de-president-et-directeur-general-shaun-stevenson\\\/#primaryimage\"},\"thumbnailUrl\":\"https:\\\/\\\/www.rupertport.com\\\/wp-content\\\/uploads\\\/2019\\\/11\\\/fairview-expansion-body.jpg\",\"keywords\":[\"L'Administration portuaire de Prince Rupert\",\"port de Prince Rupert\",\"Pr\u00e9sident\",\"prpa\",\"retraite\"],\"articleSection\":[\"Nouvelles\"],\"inLanguage\":\"fr-FR\"},{\"@type\":\"WebPage\",\"@id\":\"https:\\\/\\\/www.rupertport.com\\\/fr\\\/lappr-annonce-la-retraite-de-president-et-directeur-general-shaun-stevenson\\\/\",\"url\":\"https:\\\/\\\/www.rupertport.com\\\/fr\\\/lappr-annonce-la-retraite-de-president-et-directeur-general-shaun-stevenson\\\/\",\"name\":\"L\u2019APPR ANNONCE LA RETRAITE DE PR\u00c9SIDENT ET DIRECTEUR G\u00c9N\u00c9RAL SHAUN STEVENSON | Autorit\u00e9 portuaire de Prince Rupert\",\"isPartOf\":{\"@id\":\"https:\\\/\\\/www.rupertport.com\\\/fr\\\/#website\"},\"primaryImageOfPage\":{\"@id\":\"https:\\\/\\\/www.rupertport.com\\\/fr\\\/lappr-annonce-la-retraite-de-president-et-directeur-general-shaun-stevenson\\\/#primaryimage\"},\"image\":{\"@id\":\"https:\\\/\\\/www.rupertport.com\\\/fr\\\/lappr-annonce-la-retraite-de-president-et-directeur-general-shaun-stevenson\\\/#primaryimage\"},\"thumbnailUrl\":\"https:\\\/\\\/www.rupertport.com\\\/wp-content\\\/uploads\\\/2019\\\/11\\\/fairview-expansion-body.jpg\",\"datePublished\":\"2025-10-06T18:12:37+00:00\",\"dateModified\":\"2025-10-06T21:20:13+00:00\",\"description\":\"EN VIGUEUR LE 6 OCTOBRE, 2025 PRINCE RUPERT, COLOMBIE-BRITANNIQUE \u2013 L\u2019Administration portuaire de Prince Rupert a annonc\u00e9 aujourd\u2019hui la retraite de Shaun\",\"breadcrumb\":{\"@id\":\"https:\\\/\\\/www.rupertport.com\\\/fr\\\/lappr-annonce-la-retraite-de-president-et-directeur-general-shaun-stevenson\\\/#breadcrumb\"},\"inLanguage\":\"fr-FR\",\"potentialAction\":[{\"@type\":\"ReadAction\",\"target\":[\"https:\\\/\\\/www.rupertport.com\\\/fr\\\/lappr-annonce-la-retraite-de-president-et-directeur-general-shaun-stevenson\\\/\"]}]},{\"@type\":\"ImageObject\",\"inLanguage\":\"fr-FR\",\"@id\":\"https:\\\/\\\/www.rupertport.com\\\/fr\\\/lappr-annonce-la-retraite-de-president-et-directeur-general-shaun-stevenson\\\/#primaryimage\",\"url\":\"https:\\\/\\\/www.rupertport.com\\\/wp-content\\\/uploads\\\/2019\\\/11\\\/fairview-expansion-body.jpg\",\"contentUrl\":\"https:\\\/\\\/www.rupertport.com\\\/wp-content\\\/uploads\\\/2019\\\/11\\\/fairview-expansion-body.jpg\",\"width\":1589,\"height\":894},{\"@type\":\"BreadcrumbList\",\"@id\":\"https:\\\/\\\/www.rupertport.com\\\/fr\\\/lappr-annonce-la-retraite-de-president-et-directeur-general-shaun-stevenson\\\/#breadcrumb\",\"itemListElement\":[{\"@type\":\"ListItem\",\"position\":1,\"name\":\"Home\",\"item\":\"https:\\\/\\\/www.rupertport.com\\\/fr\\\/page-de-garde\\\/\"},{\"@type\":\"ListItem\",\"position\":2,\"name\":\"L\u2019APPR ANNONCE LA RETRAITE DE PR\u00c9SIDENT ET DIRECTEUR G\u00c9N\u00c9RAL SHAUN STEVENSON\"}]},{\"@type\":\"WebSite\",\"@id\":\"https:\\\/\\\/www.rupertport.com\\\/fr\\\/#website\",\"url\":\"https:\\\/\\\/www.rupertport.com\\\/fr\\\/\",\"name\":\"Prince Rupert Port Authority\",\"description\":\"L'avant-garde du Canada\",\"publisher\":{\"@id\":\"https:\\\/\\\/www.rupertport.com\\\/fr\\\/#organization\"},\"alternateName\":\"PRPA\",\"potentialAction\":[{\"@type\":\"SearchAction\",\"target\":{\"@type\":\"EntryPoint\",\"urlTemplate\":\"https:\\\/\\\/www.rupertport.com\\\/fr\\\/?s={search_term_string}\"},\"query-input\":{\"@type\":\"PropertyValueSpecification\",\"valueRequired\":true,\"valueName\":\"search_term_string\"}}],\"inLanguage\":\"fr-FR\"},{\"@type\":\"Organization\",\"@id\":\"https:\\\/\\\/www.rupertport.com\\\/fr\\\/#organization\",\"name\":\"Prince Rupert Port Authority\",\"alternateName\":\"PRPA\",\"url\":\"https:\\\/\\\/www.rupertport.com\\\/fr\\\/\",\"logo\":{\"@type\":\"ImageObject\",\"inLanguage\":\"fr-FR\",\"@id\":\"https:\\\/\\\/www.rupertport.com\\\/fr\\\/#\\\/schema\\\/logo\\\/image\\\/\",\"url\":\"https:\\\/\\\/www.rupertport.com\\\/wp-content\\\/uploads\\\/2021\\\/04\\\/cropped-PRPA-logo-meta-1200x1200-1.jpg\",\"contentUrl\":\"https:\\\/\\\/www.rupertport.com\\\/wp-content\\\/uploads\\\/2021\\\/04\\\/cropped-PRPA-logo-meta-1200x1200-1.jpg\",\"width\":512,\"height\":512,\"caption\":\"Prince Rupert Port Authority\"},\"image\":{\"@id\":\"https:\\\/\\\/www.rupertport.com\\\/fr\\\/#\\\/schema\\\/logo\\\/image\\\/\"},\"sameAs\":[\"https:\\\/\\\/www.facebook.com\\\/rupertport\\\/\",\"https:\\\/\\\/x.com\\\/rupertport\"]},{\"@type\":\"Person\",\"@id\":\"https:\\\/\\\/www.rupertport.com\\\/fr\\\/#\\\/schema\\\/person\\\/c708078e9d871278dd5bcf423a65797e\",\"name\":\"James Cain\",\"image\":{\"@type\":\"ImageObject\",\"inLanguage\":\"fr-FR\",\"@id\":\"https:\\\/\\\/secure.gravatar.com\\\/avatar\\\/a5b2384c230c7105ec8151e49a097d9cac1d3176a7d34da8067a76f7664eecb5?s=96&d=mm&r=g\",\"url\":\"https:\\\/\\\/secure.gravatar.com\\\/avatar\\\/a5b2384c230c7105ec8151e49a097d9cac1d3176a7d34da8067a76f7664eecb5?s=96&d=mm&r=g\",\"contentUrl\":\"https:\\\/\\\/secure.gravatar.com\\\/avatar\\\/a5b2384c230c7105ec8151e49a097d9cac1d3176a7d34da8067a76f7664eecb5?s=96&d=mm&r=g\",\"caption\":\"James Cain\"}}]}<\/script>\n<!-- \/ Yoast SEO plugin. -->","yoast_head_json":{"title":"L\u2019APPR ANNONCE LA RETRAITE DE PR\u00c9SIDENT ET DIRECTEUR G\u00c9N\u00c9RAL SHAUN STEVENSON | Autorit\u00e9 portuaire de Prince Rupert","description":"EN VIGUEUR LE 6 OCTOBRE, 2025 PRINCE RUPERT, COLOMBIE-BRITANNIQUE \u2013 L\u2019Administration portuaire de Prince Rupert a annonc\u00e9 aujourd\u2019hui la retraite de Shaun","robots":{"index":"index","follow":"follow","max-snippet":"max-snippet:-1","max-image-preview":"max-image-preview:large","max-video-preview":"max-video-preview:-1"},"canonical":"https:\/\/www.rupertport.com\/fr\/lappr-annonce-la-retraite-de-president-et-directeur-general-shaun-stevenson\/","og_locale":"fr_FR","og_type":"article","og_title":"L\u2019APPR ANNONCE LA RETRAITE DE PR\u00c9SIDENT ET DIRECTEUR G\u00c9N\u00c9RAL SHAUN STEVENSON | Autorit\u00e9 portuaire de Prince Rupert","og_description":"EN VIGUEUR LE 6 OCTOBRE, 2025 PRINCE RUPERT, COLOMBIE-BRITANNIQUE \u2013 L\u2019Administration portuaire de Prince Rupert a annonc\u00e9 aujourd\u2019hui la retraite de Shaun","og_url":"https:\/\/www.rupertport.com\/fr\/lappr-annonce-la-retraite-de-president-et-directeur-general-shaun-stevenson\/","og_site_name":"Autorit\u00e9 portuaire de Prince Rupert","article_publisher":"https:\/\/www.facebook.com\/rupertport\/","article_published_time":"2025-10-06T18:12:37+00:00","article_modified_time":"2025-10-06T21:20:13+00:00","og_image":[{"width":1589,"height":894,"url":"https:\/\/www.rupertport.com\/wp-content\/uploads\/2019\/11\/fairview-expansion-body.jpg","type":"image\/jpeg"}],"author":"James Cain","twitter_card":"summary_large_image","twitter_creator":"@rupertport","twitter_site":"@rupertport","schema":{"@context":"https:\/\/schema.org","@graph":[{"@type":"Article","@id":"https:\/\/www.rupertport.com\/fr\/lappr-annonce-la-retraite-de-president-et-directeur-general-shaun-stevenson\/#article","isPartOf":{"@id":"https:\/\/www.rupertport.com\/fr\/lappr-annonce-la-retraite-de-president-et-directeur-general-shaun-stevenson\/"},"author":{"name":"James Cain","@id":"https:\/\/www.rupertport.com\/fr\/#\/schema\/person\/c708078e9d871278dd5bcf423a65797e"},"headline":"L\u2019APPR ANNONCE LA RETRAITE DE PR\u00c9SIDENT ET DIRECTEUR G\u00c9N\u00c9RAL SHAUN STEVENSON","datePublished":"2025-10-06T18:12:37+00:00","dateModified":"2025-10-06T21:20:13+00:00","mainEntityOfPage":{"@id":"https:\/\/www.rupertport.com\/fr\/lappr-annonce-la-retraite-de-president-et-directeur-general-shaun-stevenson\/"},"wordCount":330,"publisher":{"@id":"https:\/\/www.rupertport.com\/fr\/#organization"},"image":{"@id":"https:\/\/www.rupertport.com\/fr\/lappr-annonce-la-retraite-de-president-et-directeur-general-shaun-stevenson\/#primaryimage"},"thumbnailUrl":"https:\/\/www.rupertport.com\/wp-content\/uploads\/2019\/11\/fairview-expansion-body.jpg","keywords":["L'Administration portuaire de Prince Rupert","port de Prince Rupert","Pr\u00e9sident","prpa","retraite"],"articleSection":["Nouvelles"],"inLanguage":"fr-FR"},{"@type":"WebPage","@id":"https:\/\/www.rupertport.com\/fr\/lappr-annonce-la-retraite-de-president-et-directeur-general-shaun-stevenson\/","url":"https:\/\/www.rupertport.com\/fr\/lappr-annonce-la-retraite-de-president-et-directeur-general-shaun-stevenson\/","name":"L\u2019APPR ANNONCE LA RETRAITE DE PR\u00c9SIDENT ET DIRECTEUR G\u00c9N\u00c9RAL SHAUN STEVENSON | Autorit\u00e9 portuaire de Prince Rupert","isPartOf":{"@id":"https:\/\/www.rupertport.com\/fr\/#website"},"primaryImageOfPage":{"@id":"https:\/\/www.rupertport.com\/fr\/lappr-annonce-la-retraite-de-president-et-directeur-general-shaun-stevenson\/#primaryimage"},"image":{"@id":"https:\/\/www.rupertport.com\/fr\/lappr-annonce-la-retraite-de-president-et-directeur-general-shaun-stevenson\/#primaryimage"},"thumbnailUrl":"https:\/\/www.rupertport.com\/wp-content\/uploads\/2019\/11\/fairview-expansion-body.jpg","datePublished":"2025-10-06T18:12:37+00:00","dateModified":"2025-10-06T21:20:13+00:00","description":"EN VIGUEUR LE 6 OCTOBRE, 2025 PRINCE RUPERT, COLOMBIE-BRITANNIQUE \u2013 L\u2019Administration portuaire de Prince Rupert a annonc\u00e9 aujourd\u2019hui la retraite de Shaun","breadcrumb":{"@id":"https:\/\/www.rupertport.com\/fr\/lappr-annonce-la-retraite-de-president-et-directeur-general-shaun-stevenson\/#breadcrumb"},"inLanguage":"fr-FR","potentialAction":[{"@type":"ReadAction","target":["https:\/\/www.rupertport.com\/fr\/lappr-annonce-la-retraite-de-president-et-directeur-general-shaun-stevenson\/"]}]},{"@type":"ImageObject","inLanguage":"fr-FR","@id":"https:\/\/www.rupertport.com\/fr\/lappr-annonce-la-retraite-de-president-et-directeur-general-shaun-stevenson\/#primaryimage","url":"https:\/\/www.rupertport.com\/wp-content\/uploads\/2019\/11\/fairview-expansion-body.jpg","contentUrl":"https:\/\/www.rupertport.com\/wp-content\/uploads\/2019\/11\/fairview-expansion-body.jpg","width":1589,"height":894},{"@type":"BreadcrumbList","@id":"https:\/\/www.rupertport.com\/fr\/lappr-annonce-la-retraite-de-president-et-directeur-general-shaun-stevenson\/#breadcrumb","itemListElement":[{"@type":"ListItem","position":1,"name":"Home","item":"https:\/\/www.rupertport.com\/fr\/page-de-garde\/"},{"@type":"ListItem","position":2,"name":"L\u2019APPR ANNONCE LA RETRAITE DE PR\u00c9SIDENT ET DIRECTEUR G\u00c9N\u00c9RAL SHAUN STEVENSON"}]},{"@type":"WebSite","@id":"https:\/\/www.rupertport.com\/fr\/#website","url":"https:\/\/www.rupertport.com\/fr\/","name":"Prince Rupert Port Authority","description":"L'avant-garde du Canada","publisher":{"@id":"https:\/\/www.rupertport.com\/fr\/#organization"},"alternateName":"PRPA","potentialAction":[{"@type":"SearchAction","target":{"@type":"EntryPoint","urlTemplate":"https:\/\/www.rupertport.com\/fr\/?s={search_term_string}"},"query-input":{"@type":"PropertyValueSpecification","valueRequired":true,"valueName":"search_term_string"}}],"inLanguage":"fr-FR"},{"@type":"Organization","@id":"https:\/\/www.rupertport.com\/fr\/#organization","name":"Prince Rupert Port Authority","alternateName":"PRPA","url":"https:\/\/www.rupertport.com\/fr\/","logo":{"@type":"ImageObject","inLanguage":"fr-FR","@id":"https:\/\/www.rupertport.com\/fr\/#\/schema\/logo\/image\/","url":"https:\/\/www.rupertport.com\/wp-content\/uploads\/2021\/04\/cropped-PRPA-logo-meta-1200x1200-1.jpg","contentUrl":"https:\/\/www.rupertport.com\/wp-content\/uploads\/2021\/04\/cropped-PRPA-logo-meta-1200x1200-1.jpg","width":512,"height":512,"caption":"Prince Rupert Port Authority"},"image":{"@id":"https:\/\/www.rupertport.com\/fr\/#\/schema\/logo\/image\/"},"sameAs":["https:\/\/www.facebook.com\/rupertport\/","https:\/\/x.com\/rupertport"]},{"@type":"Person","@id":"https:\/\/www.rupertport.com\/fr\/#\/schema\/person\/c708078e9d871278dd5bcf423a65797e","name":"James Cain","image":{"@type":"ImageObject","inLanguage":"fr-FR","@id":"https:\/\/secure.gravatar.com\/avatar\/a5b2384c230c7105ec8151e49a097d9cac1d3176a7d34da8067a76f7664eecb5?s=96&d=mm&r=g","url":"https:\/\/secure.gravatar.com\/avatar\/a5b2384c230c7105ec8151e49a097d9cac1d3176a7d34da8067a76f7664eecb5?s=96&d=mm&r=g","contentUrl":"https:\/\/secure.gravatar.com\/avatar\/a5b2384c230c7105ec8151e49a097d9cac1d3176a7d34da8067a76f7664eecb5?s=96&d=mm&r=g","caption":"James Cain"}}]}},"_links":{"self":[{"href":"https:\/\/www.rupertport.com\/fr\/wp-json\/wp\/v2\/posts\/25013","targetHints":{"allow":["GET"]}}],"collection":[{"href":"https:\/\/www.rupertport.com\/fr\/wp-json\/wp\/v2\/posts"}],"about":[{"href":"https:\/\/www.rupertport.com\/fr\/wp-json\/wp\/v2\/types\/post"}],"author":[{"embeddable":true,"href":"https:\/\/www.rupertport.com\/fr\/wp-json\/wp\/v2\/users\/26"}],"replies":[{"embeddable":true,"href":"https:\/\/www.rupertport.com\/fr\/wp-json\/wp\/v2\/comments?post=25013"}],"version-history":[{"count":1,"href":"https:\/\/www.rupertport.com\/fr\/wp-json\/wp\/v2\/posts\/25013\/revisions"}],"predecessor-version":[{"id":25014,"href":"https:\/\/www.rupertport.com\/fr\/wp-json\/wp\/v2\/posts\/25013\/revisions\/25014"}],"wp:featuredmedia":[{"embeddable":true,"href":"https:\/\/www.rupertport.com\/fr\/wp-json\/wp\/v2\/media\/10416"}],"wp:attachment":[{"href":"https:\/\/www.rupertport.com\/fr\/wp-json\/wp\/v2\/media?parent=25013"}],"wp:term":[{"taxonomy":"category","embeddable":true,"href":"https:\/\/www.rupertport.com\/fr\/wp-json\/wp\/v2\/categories?post=25013"},{"taxonomy":"post_tag","embeddable":true,"href":"https:\/\/www.rupertport.com\/fr\/wp-json\/wp\/v2\/tags?post=25013"}],"curies":[{"name":"wp","href":"https:\/\/api.w.org\/{rel}","templated":true}]}}